{"id":371,"date":"2025-01-14T09:00:00","date_gmt":"2025-01-14T08:00:00","guid":{"rendered":"https:\/\/wallbach-baden.de\/v2\/?p=371"},"modified":"2025-01-22T11:23:09","modified_gmt":"2025-01-22T10:23:09","slug":"neues-fuehrungsduo-in-wallbach","status":"publish","type":"post","link":"https:\/\/wallbach-baden.de\/v2\/neues-fuehrungsduo-in-wallbach\/","title":{"rendered":"Neues F\u00fchrungsduo in Wallbach"},"content":{"rendered":"\n<p><strong>Die Feuerwehr Wallbach aus Bad S\u00e4ckingen hat eine neue Spitze: Nils J\u00e4ger ist neuer Kommandant, Christopher Sieber sein Stellvertreter. Vor der Wahl stand aber erstmal ein Einsatz an.&nbsp;<\/strong>&nbsp;3 min<\/p>\n\n\n\n<ul class=\"wp-block-list\">\n<li><a href=\"https:\/\/www.badische-zeitung.de\/ralph-fautz\" target=\"_blank\" rel=\"noreferrer noopener\">Ralph Fautz<\/a> \/ <a href=\"https:\/\/www.badische-zeitung.de\/archiv\/2025\/01\/14\" target=\"_blank\" rel=\"noreferrer noopener\">Di, 14. Jan 2025<\/a> \/ <a href=\"https:\/\/www.badische-zeitung.de\/bad-saeckingen\" target=\"_blank\" rel=\"noreferrer noopener\">Bad S\u00e4ckingen<\/a><a href=\"https:\/\/www.badische-zeitung.de\/neues-fuehrungsduo-in-wallbach#kommentare\"><\/a><\/li>\n<\/ul>\n\n\n\n<figure class=\"wp-block-image is-resized\" id=\"if1\"><img decoding=\"async\" src=\"https:\/\/ais.badische-zeitung.de\/piece\/17\/ef\/c9\/da\/401590746-w-640.jpg\" alt=\"Der neue Abteilungskommandant Nils J\u00e4g...ks) und den bisherigen Abteilungschefs  | Foto: Ralph Fautz\" style=\"width:880px;height:auto\" title=\"Der neue Abteilungskommandant Nils J\u00e4g...ks) und den bisherigen Abteilungschefs  | Foto: Ralph Fautz\"\/><figcaption class=\"wp-element-caption\">Der neue Abteilungskommandant Nils J\u00e4ger (vorne links) und sein Stellvertreter Christopher Sieber (vorne rechts) mit Gesamtkommandant Tobias F\u00f6rster (hinten, von links) und den bisherigen Abteilungschefs&nbsp; &#8211; Foto:&nbsp;Ralph&nbsp;Fautz<\/figcaption><\/figure>\n\n\n\n<p>Die Freiwillige Feuerwehr ist allzeit bereit. Auch, wenn eine wichtige Hauptversammlung \u2013 wie die am Freitagabend \u2013 ansteht: Sie begann wegen eines Brandes in der Bad S\u00e4ckinger Bergseestra\u00dfe etwas versp\u00e4tet.<\/p>\n\n\n\n<p>In einer seiner letzten Amtshandlungen als Abteilungskommandant gab Sven Schapfel sodann einen \u00dcberblick zu den Eins\u00e4tzen im vergangenen Jahr: 57 waren es, davon 43 in Bad S\u00e4ckingen, zw\u00f6lf in Wallbach und zwei in Wehr. Ausgel\u00f6ste Brandmeldeanlagen waren der h\u00e4ufigste Ausr\u00fcckgrund, 19-mal brannte es, und schlie\u00dflich besch\u00e4ftigten acht Fehlalarme die Feuerwehrleute. Der H\u00f6hepunkt war das Festwochenende zum 125-j\u00e4hrigen Bestehen der Feuerwehr Wallbach im Sommer: Bei einer Fachmesse wurden die Ger\u00e4tschaften der Feuerwehr und anderer Hilfsorganisationen pr\u00e4sentiert. Nach einem Fr\u00fchschoppenkonzert wurde das neue Rettungsboot in Dienst gestellt. Es war ein &#8222;grandioses Fest mit viel Vorbereitung&#8220;, so Schapfel. Die \u00fcblichen Termine, wie das Narrenbaumstellen oder das Jugendzeltlager im Sommer, unterstrichen das gute Miteinander.<\/p>\n\n\n\n<p>Sowohl Gesamtkommandant Tobias F\u00f6rster als auch Kommandant Sven Schapfel und sein Stellvertreter Christian Siebold dankten den Feuerwehrleuten und ihren Familien f\u00fcr ihr Engagement. In den vergangenen zehn Jahren sei die Gesamtfeuerwehr sp\u00fcrbar zusammengewachsen \u2013 und wie sehr man sich verstehe, habe sich besonders w\u00e4hrend der Corona-Pandemie gezeigt. In den drei Jahren ab 2020 waren Kameradschaft und Proben gar nicht oder nur sehr eingeschr\u00e4nkt m\u00f6glich. Trotzdem habe ein Gro\u00dfteil der Feuerwehrleute gehalten werden k\u00f6nnen. Das Res\u00fcmee leitete den Abschied ein, denn Schapfel und Siebold traten nach zehn Jahren nicht mehr zur Wahl an die Abteilungsspitze an. Ihre Nachfolger Nils J\u00e4ger als Kommandant und Christopher Sieber als Stellvertreter wurden einstimmig gew\u00e4hlt.<\/p>\n\n\n\n<p>Stefan Faller \u00fcbernimmt zudem die Kasse von Andreas Weigert. Oliver Schapfel wurde als Schriftf\u00fchrer im Amt best\u00e4tigt. In geheimer Wahl bestimmte die Abteilung die Ausschussmitglieder.<\/p>\n\n\n\n<p>Dar\u00fcber hinaus standen drei Ehrungen an: Christa Keser (50 Jahre), Nils J\u00e4ger (20) und Christopher Sieber (zehn Jahre).<\/p>\n\n\n\n<p><strong>Schlagworte:<\/strong> <a href=\"https:\/\/www.badische-zeitung.de\/person\/Sven+Schapfel\" target=\"_blank\" rel=\"noreferrer noopener\">Sven Schapfel<\/a>,\u00a0<a href=\"https:\/\/www.badische-zeitung.de\/person\/Christopher+Sieber\" target=\"_blank\" rel=\"noreferrer noopener\">Christopher Sieber<\/a>,\u00a0<a href=\"https:\/\/www.badische-zeitung.de\/person\/Nils+J%C3%A4ger\" target=\"_blank\" rel=\"noreferrer noopener\">Nils J\u00e4ger<\/a><\/p>\n\n\n\n<p><\/p>\n","protected":false},"excerpt":{"rendered":"<p>Die Feuerwehr Wallbach aus Bad S\u00e4ckingen hat eine neue Spitze: Nils J\u00e4ger ist neuer Kommandant, Christopher Sieber sein Stellvertreter. Vor der Wahl stand aber erstmal ein Einsatz an.&nbsp;&nbsp;3 min Die Freiwillige Feuerwehr ist allzeit bereit. Auch, wenn eine wichtige Hauptversammlung \u2013 wie die am Freitagabend \u2013 ansteht: Sie begann wegen<\/p>\n","protected":false},"author":1,"featured_media":0,"comment_status":"closed","ping_status":"","sticky":false,"template":"","format":"standard","meta":{"footnotes":""},"categories":[6],"tags":[],"class_list":["post-371","post","type-post","status-publish","format-standard","hentry","category-presseartikel"],"_links":{"self":[{"href":"https:\/\/wallbach-baden.de\/v2\/wp-json\/wp\/v2\/posts\/371","targetHints":{"allow":["GET"]}}],"collection":[{"href":"https:\/\/wallbach-baden.de\/v2\/wp-json\/wp\/v2\/posts"}],"about":[{"href":"https:\/\/wallbach-baden.de\/v2\/wp-json\/wp\/v2\/types\/post"}],"author":[{"embeddable":true,"href":"https:\/\/wallbach-baden.de\/v2\/wp-json\/wp\/v2\/users\/1"}],"replies":[{"embeddable":true,"href":"https:\/\/wallbach-baden.de\/v2\/wp-json\/wp\/v2\/comments?post=371"}],"version-history":[{"count":2,"href":"https:\/\/wallbach-baden.de\/v2\/wp-json\/wp\/v2\/posts\/371\/revisions"}],"predecessor-version":[{"id":374,"href":"https:\/\/wallbach-baden.de\/v2\/wp-json\/wp\/v2\/posts\/371\/revisions\/374"}],"wp:attachment":[{"href":"https:\/\/wallbach-baden.de\/v2\/wp-json\/wp\/v2\/media?parent=371"}],"wp:term":[{"taxonomy":"category","embeddable":true,"href":"https:\/\/wallbach-baden.de\/v2\/wp-json\/wp\/v2\/categories?post=371"},{"taxonomy":"post_tag","embeddable":true,"href":"https:\/\/wallbach-baden.de\/v2\/wp-json\/wp\/v2\/tags?post=371"}],"curies":[{"name":"wp","href":"https:\/\/api.w.org\/{rel}","templated":true}]}}